{"id":10085,"date":"2025-05-20T09:22:46","date_gmt":"2025-05-20T07:22:46","guid":{"rendered":"https:\/\/www.fdlsagesse.org\/filles-de-la-sagesse-appelees-a-etre-lumiere-du-monde\/"},"modified":"2025-05-20T13:16:37","modified_gmt":"2025-05-20T11:16:37","slug":"filles-de-la-sagesse-appelees-a-etre-lumiere-du-monde","status":"publish","type":"post","link":"https:\/\/www.fdlsagesse.org\/en\/filles-de-la-sagesse-appelees-a-etre-lumiere-du-monde\/","title":{"rendered":"DAUGHTERS OF WISDOM CALLED TO BE THE LIGHT OF THE WORLD"},"content":{"rendered":"\n<h2 class=\"wp-block-heading\">VOS ESTIS LUX MUNDI &#8211; (Apostolic Letter of Pope Francis -2019)<\/h2>\n\n\n\n<p>One of the objectives of the annual plan that we have as the JPIC committee of our Delegation is to be in contact with the JPIC commissions of Conferences of Religious of our countries, which seek to promote the life and dignity of people, and of creation in general. For this reason, I accepted the invitation made by a sister member of the \u201cCommission for the Prevention of Abuse and Culture of Care\u201d of CONFER Peru, to be part of it. Since April I have been committed to participating, together with the other religious men and women who make it up, in the execution of the program developed by this Commission. This program includes training courses and workshops, for the members of the commission itself, as well as to offer them to religious and lay recipients.<\/p>\n\n\n\n<div class=\"wp-block-media-text is-stacked-on-mobile\" style=\"grid-template-columns:45% auto\"><figure class=\"wp-block-media-text__media\"><img loading=\"lazy\" decoding=\"async\" width=\"417\" height=\"238\" src=\"https:\/\/www.fdlsagesse.org\/wp-content\/uploads\/2025\/05\/pru4-1.jpg\" alt=\"\" class=\"wp-image-10069 size-full\" srcset=\"https:\/\/www.fdlsagesse.org\/wp-content\/uploads\/2025\/05\/pru4-1.jpg 417w, https:\/\/www.fdlsagesse.org\/wp-content\/uploads\/2025\/05\/pru4-1-300x171.jpg 300w, https:\/\/www.fdlsagesse.org\/wp-content\/uploads\/2025\/05\/pru4-1-272x155.jpg 272w\" sizes=\"auto, (max-width: 417px) 100vw, 417px\" \/><\/figure><div class=\"wp-block-media-text__content\">\n<p>One of the workshops that the commission is currently carrying out, via zoom, is aimed at pastoral agents who work in Parishes and works of the Congregations, not only in Peru, but also in other countries. The issue of abuse, not only sexual, but also abuses of power, conscience, and spirituality, in ecclesial environments, is a painfully current issue, despite the fact that there are abuses committed many years ago.<\/p>\n\n\n<\/div><\/div>\n\n\n\n<p>As a Commission, we noted that many committed lay people among the participants in the workshop (more than 200 people) seek guidance on how to manage the cases of abuse they are aware of. This just concern becomes a challenge for the Commission, given that there is a need for accompaniment that facilitates the referral of such cases to the appropriate bodies, such as the Listening Centers that the Dioceses must have, or in any case open, as Pope Francis requested a few years ago, in view of the high number of victims by consecrated persons.<\/p>\n<p>On May 31, 2024, we were present as a CONFER Commission at the presentation of the book \u201cVulnerability, abuse and care in female religious life\u201d a compendium of several authors with testimonies of abuse, statistics and very important recommendations for female consecrated life. This book was brought to light by the Latin American and Caribbean Confederation of Religious Men and Women (CLAR). This presentation of the aforementioned book, compiled by Sr. Rosaura Casas, took place in Lima, at Universidad Cat\u00f3lica. It is hoped that this book will be widely disseminated and reflected upon by the Congregations of Latin America and beyond the continent.<\/p>\n\n\n<div class=\"wp-block-image\">\n<figure class=\"aligncenter size-full\"><img loading=\"lazy\" decoding=\"async\" width=\"543\" height=\"436\" src=\"https:\/\/www.fdlsagesse.org\/wp-content\/uploads\/2025\/05\/peru-1.jpg\" alt=\"\" class=\"wp-image-10073\" srcset=\"https:\/\/www.fdlsagesse.org\/wp-content\/uploads\/2025\/05\/peru-1.jpg 543w, https:\/\/www.fdlsagesse.org\/wp-content\/uploads\/2025\/05\/peru-1-300x241.jpg 300w, https:\/\/www.fdlsagesse.org\/wp-content\/uploads\/2025\/05\/peru-1-500x401.jpg 500w, https:\/\/www.fdlsagesse.org\/wp-content\/uploads\/2025\/05\/peru-1-272x218.jpg 272w\" sizes=\"auto, (max-width: 543px) 100vw, 543px\" \/><\/figure>\n<\/div>\n\n\n<p>It was a great opportunity to listen to Sisters Liliana Franco, Daniela Cannavina and Father Jes\u00fas Garc\u00eda, sharing their concerns and hopes about the great challenge facing our Church in general with regard to the relations between consecrated persons and between consecrated persons and lay persons.<\/p>\n<p>In the same way, to receive the necessary lights in the journey of this Commission, we had a meeting with Father Jes\u00fas Garc\u00eda, a Spanish Franciscan priest, resident for many years in Ecuador, who is the coordinator of the CLAR Commission for matters of Prevention of Abuse in ecclesial environments.<\/p>\n<p>The hours that this meeting lasted, in the premises of CONFER, were not felt because Jes\u00fas Garc\u00eda had much to share and answer the concerns of the CONFER Peruvian Commission.<\/p>\n<p>The lines and suggestions offered by Jes\u00fas Garc\u00eda, well versed in the subject in favour of victims of abuse, will be taken into account by our Commission to continue in a renewed way the work initiated.<\/p>\n<p>As religious, we note that one of the most serious consequences of the abuse committed by consecrated persons (most of them priests) on the victim is his\/her consequent <strong>inability to believe and trust in a loving and compassionate God. <\/strong>And in the face of the scandal of abuse perpetrated by several of its pastors in many parts of the world, we echo the words of Pope Francis<strong>, an example of concrete commitment to the victims: Would not the reality of the abuse and the pain of the victims be the wounds on the body of the Risen One? And would not these new wounds be challenging us?<\/strong><\/p>\n\n\n\n<p style=\"text-align: right;\">Sr. Rosa Amelia Canicoba Liza, DW &#8211; Peru<\/p>\n<p>\u00a0<\/p>\n\n\n","protected":false},"excerpt":{"rendered":"<p>VOS ESTIS LUX MUNDI &#8211; (Apostolic Letter of Pope Francis -2019) One of the objectives of the annual plan that we have as the JPIC committee of our Delegation is to be in contact with the JPIC commissions of Conferences of Religious of our countries, which seek to promote the life and dignity of people, [&hellip;]<\/p>\n","protected":false},"author":1,"featured_media":0,"comment_status":"open","ping_status":"open","sticky":false,"template":"","format":"standard","meta":{"_acf_changed":false,"_exactmetrics_skip_tracking":false,"_exactmetrics_sitenote_active":false,"_exactmetrics_sitenote_note":"","_exactmetrics_sitenote_category":0,"footnotes":""},"categories":[27],"tags":[],"class_list":["post-10085","post","type-post","status-publish","format-standard","hentry","category-news"],"acf":[],"yoast_head":"<!-- This site is optimized with the Yoast SEO plugin v26.5 - https:\/\/yoast.com\/wordpress\/plugins\/seo\/ -->\n<title>DAUGHTERS OF WISDOM CALLED TO BE THE LIGHT OF THE WORLD - Congr\u00e9gation des Filles de la Sagesse<\/title>\n<meta name=\"robots\" content=\"index, follow, max-snippet:-1, max-image-preview:large, max-video-preview:-1\" \/>\n<link rel=\"canonical\" href=\"https:\/\/www.fdlsagesse.org\/en\/filles-de-la-sagesse-appelees-a-etre-lumiere-du-monde\/\" \/>\n<meta property=\"og:locale\" content=\"en_US\" \/>\n<meta property=\"og:type\" content=\"article\" \/>\n<meta property=\"og:title\" content=\"DAUGHTERS OF WISDOM CALLED TO BE THE LIGHT OF THE WORLD - Congr\u00e9gation des Filles de la Sagesse\" \/>\n<meta property=\"og:description\" content=\"VOS ESTIS LUX MUNDI &#8211; (Apostolic Letter of Pope Francis -2019) One of the objectives of the annual plan that we have as the JPIC committee of our Delegation is to be in contact with the JPIC commissions of Conferences of Religious of our countries, which seek to promote the life and dignity of people, [&hellip;]\" \/>\n<meta property=\"og:url\" content=\"https:\/\/www.fdlsagesse.org\/en\/filles-de-la-sagesse-appelees-a-etre-lumiere-du-monde\/\" \/>\n<meta property=\"og:site_name\" content=\"Congr\u00e9gation des Filles de la Sagesse\" \/>\n<meta property=\"article:published_time\" content=\"2025-05-20T07:22:46+00:00\" \/>\n<meta property=\"article:modified_time\" content=\"2025-05-20T11:16:37+00:00\" \/>\n<meta property=\"og:image\" content=\"https:\/\/www.fdlsagesse.org\/wp-content\/uploads\/2025\/05\/pru4-1.jpg\" \/>\n\t<meta property=\"og:image:width\" content=\"417\" \/>\n\t<meta property=\"og:image:height\" content=\"238\" \/>\n\t<meta property=\"og:image:type\" content=\"image\/jpeg\" \/>\n<meta name=\"author\" content=\"admFdls87\" \/>\n<meta name=\"twitter:card\" content=\"summary_large_image\" \/>\n<meta name=\"twitter:label1\" content=\"Written by\" \/>\n\t<meta name=\"twitter:data1\" content=\"admFdls87\" \/>\n\t<meta name=\"twitter:label2\" content=\"Est. reading time\" \/>\n\t<meta name=\"twitter:data2\" content=\"4 minutes\" \/>\n<script type=\"application\/ld+json\" class=\"yoast-schema-graph\">{\"@context\":\"https:\/\/schema.org\",\"@graph\":[{\"@type\":\"WebPage\",\"@id\":\"https:\/\/www.fdlsagesse.org\/en\/filles-de-la-sagesse-appelees-a-etre-lumiere-du-monde\/\",\"url\":\"https:\/\/www.fdlsagesse.org\/en\/filles-de-la-sagesse-appelees-a-etre-lumiere-du-monde\/\",\"name\":\"DAUGHTERS OF WISDOM CALLED TO BE THE LIGHT OF THE WORLD - Congr\u00e9gation des Filles de la Sagesse\",\"isPartOf\":{\"@id\":\"https:\/\/www.fdlsagesse.org\/#website\"},\"primaryImageOfPage\":{\"@id\":\"https:\/\/www.fdlsagesse.org\/en\/filles-de-la-sagesse-appelees-a-etre-lumiere-du-monde\/#primaryimage\"},\"image\":{\"@id\":\"https:\/\/www.fdlsagesse.org\/en\/filles-de-la-sagesse-appelees-a-etre-lumiere-du-monde\/#primaryimage\"},\"thumbnailUrl\":\"https:\/\/www.fdlsagesse.org\/wp-content\/uploads\/2025\/05\/pru4-1.jpg\",\"datePublished\":\"2025-05-20T07:22:46+00:00\",\"dateModified\":\"2025-05-20T11:16:37+00:00\",\"author\":{\"@id\":\"https:\/\/www.fdlsagesse.org\/#\/schema\/person\/ed7ea8c339ba134be37a5acd7184a708\"},\"breadcrumb\":{\"@id\":\"https:\/\/www.fdlsagesse.org\/en\/filles-de-la-sagesse-appelees-a-etre-lumiere-du-monde\/#breadcrumb\"},\"inLanguage\":\"en-US\",\"potentialAction\":[{\"@type\":\"ReadAction\",\"target\":[\"https:\/\/www.fdlsagesse.org\/en\/filles-de-la-sagesse-appelees-a-etre-lumiere-du-monde\/\"]}]},{\"@type\":\"ImageObject\",\"inLanguage\":\"en-US\",\"@id\":\"https:\/\/www.fdlsagesse.org\/en\/filles-de-la-sagesse-appelees-a-etre-lumiere-du-monde\/#primaryimage\",\"url\":\"https:\/\/www.fdlsagesse.org\/wp-content\/uploads\/2025\/05\/pru4-1.jpg\",\"contentUrl\":\"https:\/\/www.fdlsagesse.org\/wp-content\/uploads\/2025\/05\/pru4-1.jpg\"},{\"@type\":\"BreadcrumbList\",\"@id\":\"https:\/\/www.fdlsagesse.org\/en\/filles-de-la-sagesse-appelees-a-etre-lumiere-du-monde\/#breadcrumb\",\"itemListElement\":[{\"@type\":\"ListItem\",\"position\":1,\"name\":\"Accueil\",\"item\":\"https:\/\/www.fdlsagesse.org\/en\/\"},{\"@type\":\"ListItem\",\"position\":2,\"name\":\"FILLES DE LA SAGESSE APPEL\u00c9ES A \u00caTRE LUMI\u00c8RE DU MONDE\"}]},{\"@type\":\"WebSite\",\"@id\":\"https:\/\/www.fdlsagesse.org\/#website\",\"url\":\"https:\/\/www.fdlsagesse.org\/\",\"name\":\"Congr\u00e9gation des Filles de la Sagesse\",\"description\":\"Un site utilisant WordPress\",\"potentialAction\":[{\"@type\":\"SearchAction\",\"target\":{\"@type\":\"EntryPoint\",\"urlTemplate\":\"https:\/\/www.fdlsagesse.org\/?s={search_term_string}\"},\"query-input\":{\"@type\":\"PropertyValueSpecification\",\"valueRequired\":true,\"valueName\":\"search_term_string\"}}],\"inLanguage\":\"en-US\"},{\"@type\":\"Person\",\"@id\":\"https:\/\/www.fdlsagesse.org\/#\/schema\/person\/ed7ea8c339ba134be37a5acd7184a708\",\"name\":\"admFdls87\",\"image\":{\"@type\":\"ImageObject\",\"inLanguage\":\"en-US\",\"@id\":\"https:\/\/www.fdlsagesse.org\/#\/schema\/person\/image\/\",\"url\":\"https:\/\/secure.gravatar.com\/avatar\/17489c4ca9000c6cf4c89bbcb5656ad02731db80fc13a3aa53cff36515f50dd8?s=96&d=mm&r=g\",\"contentUrl\":\"https:\/\/secure.gravatar.com\/avatar\/17489c4ca9000c6cf4c89bbcb5656ad02731db80fc13a3aa53cff36515f50dd8?s=96&d=mm&r=g\",\"caption\":\"admFdls87\"},\"url\":\"https:\/\/www.fdlsagesse.org\/en\/author\/admfdls87\/\"}]}<\/script>\n<!-- \/ Yoast SEO plugin. -->","yoast_head_json":{"title":"DAUGHTERS OF WISDOM CALLED TO BE THE LIGHT OF THE WORLD - Congr\u00e9gation des Filles de la Sagesse","robots":{"index":"index","follow":"follow","max-snippet":"max-snippet:-1","max-image-preview":"max-image-preview:large","max-video-preview":"max-video-preview:-1"},"canonical":"https:\/\/www.fdlsagesse.org\/en\/filles-de-la-sagesse-appelees-a-etre-lumiere-du-monde\/","og_locale":"en_US","og_type":"article","og_title":"DAUGHTERS OF WISDOM CALLED TO BE THE LIGHT OF THE WORLD - Congr\u00e9gation des Filles de la Sagesse","og_description":"VOS ESTIS LUX MUNDI &#8211; (Apostolic Letter of Pope Francis -2019) One of the objectives of the annual plan that we have as the JPIC committee of our Delegation is to be in contact with the JPIC commissions of Conferences of Religious of our countries, which seek to promote the life and dignity of people, [&hellip;]","og_url":"https:\/\/www.fdlsagesse.org\/en\/filles-de-la-sagesse-appelees-a-etre-lumiere-du-monde\/","og_site_name":"Congr\u00e9gation des Filles de la Sagesse","article_published_time":"2025-05-20T07:22:46+00:00","article_modified_time":"2025-05-20T11:16:37+00:00","og_image":[{"width":417,"height":238,"url":"https:\/\/www.fdlsagesse.org\/wp-content\/uploads\/2025\/05\/pru4-1.jpg","type":"image\/jpeg"}],"author":"admFdls87","twitter_card":"summary_large_image","twitter_misc":{"Written by":"admFdls87","Est. reading time":"4 minutes"},"schema":{"@context":"https:\/\/schema.org","@graph":[{"@type":"WebPage","@id":"https:\/\/www.fdlsagesse.org\/en\/filles-de-la-sagesse-appelees-a-etre-lumiere-du-monde\/","url":"https:\/\/www.fdlsagesse.org\/en\/filles-de-la-sagesse-appelees-a-etre-lumiere-du-monde\/","name":"DAUGHTERS OF WISDOM CALLED TO BE THE LIGHT OF THE WORLD - Congr\u00e9gation des Filles de la Sagesse","isPartOf":{"@id":"https:\/\/www.fdlsagesse.org\/#website"},"primaryImageOfPage":{"@id":"https:\/\/www.fdlsagesse.org\/en\/filles-de-la-sagesse-appelees-a-etre-lumiere-du-monde\/#primaryimage"},"image":{"@id":"https:\/\/www.fdlsagesse.org\/en\/filles-de-la-sagesse-appelees-a-etre-lumiere-du-monde\/#primaryimage"},"thumbnailUrl":"https:\/\/www.fdlsagesse.org\/wp-content\/uploads\/2025\/05\/pru4-1.jpg","datePublished":"2025-05-20T07:22:46+00:00","dateModified":"2025-05-20T11:16:37+00:00","author":{"@id":"https:\/\/www.fdlsagesse.org\/#\/schema\/person\/ed7ea8c339ba134be37a5acd7184a708"},"breadcrumb":{"@id":"https:\/\/www.fdlsagesse.org\/en\/filles-de-la-sagesse-appelees-a-etre-lumiere-du-monde\/#breadcrumb"},"inLanguage":"en-US","potentialAction":[{"@type":"ReadAction","target":["https:\/\/www.fdlsagesse.org\/en\/filles-de-la-sagesse-appelees-a-etre-lumiere-du-monde\/"]}]},{"@type":"ImageObject","inLanguage":"en-US","@id":"https:\/\/www.fdlsagesse.org\/en\/filles-de-la-sagesse-appelees-a-etre-lumiere-du-monde\/#primaryimage","url":"https:\/\/www.fdlsagesse.org\/wp-content\/uploads\/2025\/05\/pru4-1.jpg","contentUrl":"https:\/\/www.fdlsagesse.org\/wp-content\/uploads\/2025\/05\/pru4-1.jpg"},{"@type":"BreadcrumbList","@id":"https:\/\/www.fdlsagesse.org\/en\/filles-de-la-sagesse-appelees-a-etre-lumiere-du-monde\/#breadcrumb","itemListElement":[{"@type":"ListItem","position":1,"name":"Accueil","item":"https:\/\/www.fdlsagesse.org\/en\/"},{"@type":"ListItem","position":2,"name":"FILLES DE LA SAGESSE APPEL\u00c9ES A \u00caTRE LUMI\u00c8RE DU MONDE"}]},{"@type":"WebSite","@id":"https:\/\/www.fdlsagesse.org\/#website","url":"https:\/\/www.fdlsagesse.org\/","name":"Congr\u00e9gation des Filles de la Sagesse","description":"Un site utilisant WordPress","potentialAction":[{"@type":"SearchAction","target":{"@type":"EntryPoint","urlTemplate":"https:\/\/www.fdlsagesse.org\/?s={search_term_string}"},"query-input":{"@type":"PropertyValueSpecification","valueRequired":true,"valueName":"search_term_string"}}],"inLanguage":"en-US"},{"@type":"Person","@id":"https:\/\/www.fdlsagesse.org\/#\/schema\/person\/ed7ea8c339ba134be37a5acd7184a708","name":"admFdls87","image":{"@type":"ImageObject","inLanguage":"en-US","@id":"https:\/\/www.fdlsagesse.org\/#\/schema\/person\/image\/","url":"https:\/\/secure.gravatar.com\/avatar\/17489c4ca9000c6cf4c89bbcb5656ad02731db80fc13a3aa53cff36515f50dd8?s=96&d=mm&r=g","contentUrl":"https:\/\/secure.gravatar.com\/avatar\/17489c4ca9000c6cf4c89bbcb5656ad02731db80fc13a3aa53cff36515f50dd8?s=96&d=mm&r=g","caption":"admFdls87"},"url":"https:\/\/www.fdlsagesse.org\/en\/author\/admfdls87\/"}]}},"_links":{"self":[{"href":"https:\/\/www.fdlsagesse.org\/en\/wp-json\/wp\/v2\/posts\/10085","targetHints":{"allow":["GET"]}}],"collection":[{"href":"https:\/\/www.fdlsagesse.org\/en\/wp-json\/wp\/v2\/posts"}],"about":[{"href":"https:\/\/www.fdlsagesse.org\/en\/wp-json\/wp\/v2\/types\/post"}],"author":[{"embeddable":true,"href":"https:\/\/www.fdlsagesse.org\/en\/wp-json\/wp\/v2\/users\/1"}],"replies":[{"embeddable":true,"href":"https:\/\/www.fdlsagesse.org\/en\/wp-json\/wp\/v2\/comments?post=10085"}],"version-history":[{"count":1,"href":"https:\/\/www.fdlsagesse.org\/en\/wp-json\/wp\/v2\/posts\/10085\/revisions"}],"predecessor-version":[{"id":10101,"href":"https:\/\/www.fdlsagesse.org\/en\/wp-json\/wp\/v2\/posts\/10085\/revisions\/10101"}],"wp:attachment":[{"href":"https:\/\/www.fdlsagesse.org\/en\/wp-json\/wp\/v2\/media?parent=10085"}],"wp:term":[{"taxonomy":"category","embeddable":true,"href":"https:\/\/www.fdlsagesse.org\/en\/wp-json\/wp\/v2\/categories?post=10085"},{"taxonomy":"post_tag","embeddable":true,"href":"https:\/\/www.fdlsagesse.org\/en\/wp-json\/wp\/v2\/tags?post=10085"}],"curies":[{"name":"wp","href":"https:\/\/api.w.org\/{rel}","templated":true}]}}