{"id":2830,"date":"2019-08-23T15:06:33","date_gmt":"2019-08-23T13:06:33","guid":{"rendered":"https:\/\/www.fdlsagesse.org\/les-soeurs-oblates-de-la-sagesse-fetent-leur-160eme-anniversaire-de-fondation\/"},"modified":"2019-09-05T15:47:15","modified_gmt":"2019-09-05T13:47:15","slug":"les-soeurs-oblates-de-la-sagesse-fetent-leur-160eme-anniversaire-de-fondation","status":"publish","type":"post","link":"https:\/\/www.fdlsagesse.org\/en\/les-soeurs-oblates-de-la-sagesse-fetent-leur-160eme-anniversaire-de-fondation\/","title":{"rendered":"The Oblate sisters of Wisdom mark their 160th anniversary of foundation"},"content":{"rendered":"<p>In 1859, at the initiative of Mr de Larnay, priest known for his piety and missionary courage, was founded the Oblate Sisters of Wisdom for young deaf girls who wanted to dedicate their lives to the love of Christ through Mary and to the most disadvantaged. Sister Annick, Oblate Sister of Wisdom, gives us an account of the 160th anniversary celebration.<\/p>\n<p>Sr Annick, Oblate de la Sagesse<\/p>\n<p><strong>JUNE 27th 2019, CELEBRATION OF 160 YEARS OF THE OBLATE SISTERS OF WISDOM<\/strong><\/p>\n<p><em>\u201cWith the approach of June 27TH, the date of the foundation of our Institute by Father de LARNAY, we are excited and joyous. We prepared the invitations and the liturgy. This time, unlike for the 150th in 2009, the celebration will be intimate, because of the advanced age of the Sisters. On June 25th, I prepare the chapel with Sr. Fabienne, animator of Larnay. My Oblate Sisters of Wisdom wanted to help us.<\/em><\/p>\n<p><em>On June 27, I am happy that all 5 Oblate Sisters can be present. Sr. Rani Kurian, Superior General, Sr. Louise Madore, who accompanied us for 12 years as Superior General, Sr. Francine Mor\u00e8s, Superior of the Community since 2006 and Sr. Th\u00e9r\u00e8se FABIEN, representative of the Provincial Superior Sr. Marie-Fran\u00e7oise VIVIEN, and other Daughters of Wisdom from the area are present. The deaf Friends are also there and many residents of Larnay. Father DALLIER, descendant of the family of Mr LARNAY, celebrates the Mass with Father PETIT, chaplain of the Deaf of Poitiers.<\/em><\/p>\n<p><em>During Mass, Sr. Rani says, &#8220;Today, the 160th birthday &#8230; 5 sisters are still alive and renew their vows. I am very moved. &#8220;<\/em><\/p>\n<p><img loading=\"lazy\" decoding=\"async\" class=\"aligncenter wp-image-2824 size-large\" src=\"https:\/\/www.fdlsagesse.org\/wp-content\/uploads\/2019\/08\/oblates-05-1000x563.jpg\" alt=\"Congr\u00e9gation des Filles de la Sagesse\" width=\"1000\" height=\"563\" srcset=\"https:\/\/www.fdlsagesse.org\/wp-content\/uploads\/2019\/08\/oblates-05-1000x563.jpg 1000w, https:\/\/www.fdlsagesse.org\/wp-content\/uploads\/2019\/08\/oblates-05-300x169.jpg 300w, https:\/\/www.fdlsagesse.org\/wp-content\/uploads\/2019\/08\/oblates-05-768x432.jpg 768w, https:\/\/www.fdlsagesse.org\/wp-content\/uploads\/2019\/08\/oblates-05-700x394.jpg 700w, https:\/\/www.fdlsagesse.org\/wp-content\/uploads\/2019\/08\/oblates-05-500x281.jpg 500w, https:\/\/www.fdlsagesse.org\/wp-content\/uploads\/2019\/08\/oblates-05-272x153.jpg 272w, https:\/\/www.fdlsagesse.org\/wp-content\/uploads\/2019\/08\/oblates-05.jpg 1200w\" sizes=\"auto, (max-width: 1000px) 100vw, 1000px\" \/><\/p>\n<p><em>The Deaf Friends express their appreciation of the display relating the story of Father LARNAY and the history of the Oblate Sisters. \u201cIn 10 years, maybe there will be no Oblate Sisters of Wisdom &#8230; &#8220;I do not know, we&#8217;ll see in 10 years! Today is a celebration and it is important for us.\u201d<\/em><\/p>\n<p style=\"text-align: center;\"><iframe loading=\"lazy\" src=\"https:\/\/www.youtube.com\/embed\/PpNwW0cXvq8\" width=\"560\" height=\"315\" frameborder=\"0\" allowfullscreen=\"allowfullscreen\"><\/iframe><\/p>\n","protected":false},"excerpt":{"rendered":"<p>In 1859, at the initiative of Mr de Larnay, priest known for his piety and missionary courage, was founded the Oblate Sisters of Wisdom for young deaf girls who wanted to dedicate their lives to the love of Christ through Mary and to the most disadvantaged. Sister Annick, Oblate Sister of Wisdom, gives us an [&hellip;]<\/p>\n","protected":false},"author":1,"featured_media":0,"comment_status":"open","ping_status":"open","sticky":false,"template":"","format":"standard","meta":{"_acf_changed":false,"_exactmetrics_skip_tracking":false,"_exactmetrics_sitenote_active":false,"_exactmetrics_sitenote_note":"","_exactmetrics_sitenote_category":0,"footnotes":""},"categories":[27],"tags":[29],"class_list":["post-2830","post","type-post","status-publish","format-standard","hentry","category-news","tag-soeur-oblates-de-la-sagesse-en"],"acf":[],"yoast_head":"<!-- This site is optimized with the Yoast SEO plugin v26.5 - https:\/\/yoast.com\/wordpress\/plugins\/seo\/ -->\n<title>The Oblate sisters of Wisdom mark their 160th anniversary of foundation - Congr\u00e9gation des Filles de la Sagesse<\/title>\n<meta name=\"robots\" content=\"index, follow, max-snippet:-1, max-image-preview:large, max-video-preview:-1\" \/>\n<link rel=\"canonical\" href=\"https:\/\/www.fdlsagesse.org\/en\/les-soeurs-oblates-de-la-sagesse-fetent-leur-160eme-anniversaire-de-fondation\/\" \/>\n<meta property=\"og:locale\" content=\"en_US\" \/>\n<meta property=\"og:type\" content=\"article\" \/>\n<meta property=\"og:title\" content=\"The Oblate sisters of Wisdom mark their 160th anniversary of foundation - Congr\u00e9gation des Filles de la Sagesse\" \/>\n<meta property=\"og:description\" content=\"In 1859, at the initiative of Mr de Larnay, priest known for his piety and missionary courage, was founded the Oblate Sisters of Wisdom for young deaf girls who wanted to dedicate their lives to the love of Christ through Mary and to the most disadvantaged. Sister Annick, Oblate Sister of Wisdom, gives us an [&hellip;]\" \/>\n<meta property=\"og:url\" content=\"https:\/\/www.fdlsagesse.org\/en\/les-soeurs-oblates-de-la-sagesse-fetent-leur-160eme-anniversaire-de-fondation\/\" \/>\n<meta property=\"og:site_name\" content=\"Congr\u00e9gation des Filles de la Sagesse\" \/>\n<meta property=\"article:published_time\" content=\"2019-08-23T13:06:33+00:00\" \/>\n<meta property=\"article:modified_time\" content=\"2019-09-05T13:47:15+00:00\" \/>\n<meta property=\"og:image\" content=\"https:\/\/www.fdlsagesse.org\/wp-content\/uploads\/2019\/08\/oblates-05-1000x563.jpg\" \/>\n<meta name=\"author\" content=\"admFdls87\" \/>\n<meta name=\"twitter:card\" content=\"summary_large_image\" \/>\n<meta name=\"twitter:label1\" content=\"Written by\" \/>\n\t<meta name=\"twitter:data1\" content=\"admFdls87\" \/>\n\t<meta name=\"twitter:label2\" content=\"Est. reading time\" \/>\n\t<meta name=\"twitter:data2\" content=\"2 minutes\" \/>\n<script type=\"application\/ld+json\" class=\"yoast-schema-graph\">{\"@context\":\"https:\/\/schema.org\",\"@graph\":[{\"@type\":\"WebPage\",\"@id\":\"https:\/\/www.fdlsagesse.org\/en\/les-soeurs-oblates-de-la-sagesse-fetent-leur-160eme-anniversaire-de-fondation\/\",\"url\":\"https:\/\/www.fdlsagesse.org\/en\/les-soeurs-oblates-de-la-sagesse-fetent-leur-160eme-anniversaire-de-fondation\/\",\"name\":\"The Oblate sisters of Wisdom mark their 160th anniversary of foundation - Congr\u00e9gation des Filles de la Sagesse\",\"isPartOf\":{\"@id\":\"https:\/\/www.fdlsagesse.org\/#website\"},\"primaryImageOfPage\":{\"@id\":\"https:\/\/www.fdlsagesse.org\/en\/les-soeurs-oblates-de-la-sagesse-fetent-leur-160eme-anniversaire-de-fondation\/#primaryimage\"},\"image\":{\"@id\":\"https:\/\/www.fdlsagesse.org\/en\/les-soeurs-oblates-de-la-sagesse-fetent-leur-160eme-anniversaire-de-fondation\/#primaryimage\"},\"thumbnailUrl\":\"https:\/\/www.fdlsagesse.org\/wp-content\/uploads\/2019\/08\/oblates-05-1000x563.jpg\",\"datePublished\":\"2019-08-23T13:06:33+00:00\",\"dateModified\":\"2019-09-05T13:47:15+00:00\",\"author\":{\"@id\":\"https:\/\/www.fdlsagesse.org\/#\/schema\/person\/ed7ea8c339ba134be37a5acd7184a708\"},\"breadcrumb\":{\"@id\":\"https:\/\/www.fdlsagesse.org\/en\/les-soeurs-oblates-de-la-sagesse-fetent-leur-160eme-anniversaire-de-fondation\/#breadcrumb\"},\"inLanguage\":\"en-US\",\"potentialAction\":[{\"@type\":\"ReadAction\",\"target\":[\"https:\/\/www.fdlsagesse.org\/en\/les-soeurs-oblates-de-la-sagesse-fetent-leur-160eme-anniversaire-de-fondation\/\"]}]},{\"@type\":\"ImageObject\",\"inLanguage\":\"en-US\",\"@id\":\"https:\/\/www.fdlsagesse.org\/en\/les-soeurs-oblates-de-la-sagesse-fetent-leur-160eme-anniversaire-de-fondation\/#primaryimage\",\"url\":\"https:\/\/www.fdlsagesse.org\/wp-content\/uploads\/2019\/08\/oblates-05-1000x563.jpg\",\"contentUrl\":\"https:\/\/www.fdlsagesse.org\/wp-content\/uploads\/2019\/08\/oblates-05-1000x563.jpg\"},{\"@type\":\"BreadcrumbList\",\"@id\":\"https:\/\/www.fdlsagesse.org\/en\/les-soeurs-oblates-de-la-sagesse-fetent-leur-160eme-anniversaire-de-fondation\/#breadcrumb\",\"itemListElement\":[{\"@type\":\"ListItem\",\"position\":1,\"name\":\"Accueil\",\"item\":\"https:\/\/www.fdlsagesse.org\/en\/\"},{\"@type\":\"ListItem\",\"position\":2,\"name\":\"The Oblate sisters of Wisdom mark their 160th anniversary of foundation\"}]},{\"@type\":\"WebSite\",\"@id\":\"https:\/\/www.fdlsagesse.org\/#website\",\"url\":\"https:\/\/www.fdlsagesse.org\/\",\"name\":\"Congr\u00e9gation des Filles de la Sagesse\",\"description\":\"Un site utilisant WordPress\",\"potentialAction\":[{\"@type\":\"SearchAction\",\"target\":{\"@type\":\"EntryPoint\",\"urlTemplate\":\"https:\/\/www.fdlsagesse.org\/?s={search_term_string}\"},\"query-input\":{\"@type\":\"PropertyValueSpecification\",\"valueRequired\":true,\"valueName\":\"search_term_string\"}}],\"inLanguage\":\"en-US\"},{\"@type\":\"Person\",\"@id\":\"https:\/\/www.fdlsagesse.org\/#\/schema\/person\/ed7ea8c339ba134be37a5acd7184a708\",\"name\":\"admFdls87\",\"image\":{\"@type\":\"ImageObject\",\"inLanguage\":\"en-US\",\"@id\":\"https:\/\/www.fdlsagesse.org\/#\/schema\/person\/image\/\",\"url\":\"https:\/\/secure.gravatar.com\/avatar\/17489c4ca9000c6cf4c89bbcb5656ad02731db80fc13a3aa53cff36515f50dd8?s=96&d=mm&r=g\",\"contentUrl\":\"https:\/\/secure.gravatar.com\/avatar\/17489c4ca9000c6cf4c89bbcb5656ad02731db80fc13a3aa53cff36515f50dd8?s=96&d=mm&r=g\",\"caption\":\"admFdls87\"},\"url\":\"https:\/\/www.fdlsagesse.org\/en\/author\/admfdls87\/\"}]}<\/script>\n<!-- \/ Yoast SEO plugin. -->","yoast_head_json":{"title":"The Oblate sisters of Wisdom mark their 160th anniversary of foundation - Congr\u00e9gation des Filles de la Sagesse","robots":{"index":"index","follow":"follow","max-snippet":"max-snippet:-1","max-image-preview":"max-image-preview:large","max-video-preview":"max-video-preview:-1"},"canonical":"https:\/\/www.fdlsagesse.org\/en\/les-soeurs-oblates-de-la-sagesse-fetent-leur-160eme-anniversaire-de-fondation\/","og_locale":"en_US","og_type":"article","og_title":"The Oblate sisters of Wisdom mark their 160th anniversary of foundation - Congr\u00e9gation des Filles de la Sagesse","og_description":"In 1859, at the initiative of Mr de Larnay, priest known for his piety and missionary courage, was founded the Oblate Sisters of Wisdom for young deaf girls who wanted to dedicate their lives to the love of Christ through Mary and to the most disadvantaged. Sister Annick, Oblate Sister of Wisdom, gives us an [&hellip;]","og_url":"https:\/\/www.fdlsagesse.org\/en\/les-soeurs-oblates-de-la-sagesse-fetent-leur-160eme-anniversaire-de-fondation\/","og_site_name":"Congr\u00e9gation des Filles de la Sagesse","article_published_time":"2019-08-23T13:06:33+00:00","article_modified_time":"2019-09-05T13:47:15+00:00","og_image":[{"url":"https:\/\/www.fdlsagesse.org\/wp-content\/uploads\/2019\/08\/oblates-05-1000x563.jpg","type":"","width":"","height":""}],"author":"admFdls87","twitter_card":"summary_large_image","twitter_misc":{"Written by":"admFdls87","Est. reading time":"2 minutes"},"schema":{"@context":"https:\/\/schema.org","@graph":[{"@type":"WebPage","@id":"https:\/\/www.fdlsagesse.org\/en\/les-soeurs-oblates-de-la-sagesse-fetent-leur-160eme-anniversaire-de-fondation\/","url":"https:\/\/www.fdlsagesse.org\/en\/les-soeurs-oblates-de-la-sagesse-fetent-leur-160eme-anniversaire-de-fondation\/","name":"The Oblate sisters of Wisdom mark their 160th anniversary of foundation - Congr\u00e9gation des Filles de la Sagesse","isPartOf":{"@id":"https:\/\/www.fdlsagesse.org\/#website"},"primaryImageOfPage":{"@id":"https:\/\/www.fdlsagesse.org\/en\/les-soeurs-oblates-de-la-sagesse-fetent-leur-160eme-anniversaire-de-fondation\/#primaryimage"},"image":{"@id":"https:\/\/www.fdlsagesse.org\/en\/les-soeurs-oblates-de-la-sagesse-fetent-leur-160eme-anniversaire-de-fondation\/#primaryimage"},"thumbnailUrl":"https:\/\/www.fdlsagesse.org\/wp-content\/uploads\/2019\/08\/oblates-05-1000x563.jpg","datePublished":"2019-08-23T13:06:33+00:00","dateModified":"2019-09-05T13:47:15+00:00","author":{"@id":"https:\/\/www.fdlsagesse.org\/#\/schema\/person\/ed7ea8c339ba134be37a5acd7184a708"},"breadcrumb":{"@id":"https:\/\/www.fdlsagesse.org\/en\/les-soeurs-oblates-de-la-sagesse-fetent-leur-160eme-anniversaire-de-fondation\/#breadcrumb"},"inLanguage":"en-US","potentialAction":[{"@type":"ReadAction","target":["https:\/\/www.fdlsagesse.org\/en\/les-soeurs-oblates-de-la-sagesse-fetent-leur-160eme-anniversaire-de-fondation\/"]}]},{"@type":"ImageObject","inLanguage":"en-US","@id":"https:\/\/www.fdlsagesse.org\/en\/les-soeurs-oblates-de-la-sagesse-fetent-leur-160eme-anniversaire-de-fondation\/#primaryimage","url":"https:\/\/www.fdlsagesse.org\/wp-content\/uploads\/2019\/08\/oblates-05-1000x563.jpg","contentUrl":"https:\/\/www.fdlsagesse.org\/wp-content\/uploads\/2019\/08\/oblates-05-1000x563.jpg"},{"@type":"BreadcrumbList","@id":"https:\/\/www.fdlsagesse.org\/en\/les-soeurs-oblates-de-la-sagesse-fetent-leur-160eme-anniversaire-de-fondation\/#breadcrumb","itemListElement":[{"@type":"ListItem","position":1,"name":"Accueil","item":"https:\/\/www.fdlsagesse.org\/en\/"},{"@type":"ListItem","position":2,"name":"The Oblate sisters of Wisdom mark their 160th anniversary of foundation"}]},{"@type":"WebSite","@id":"https:\/\/www.fdlsagesse.org\/#website","url":"https:\/\/www.fdlsagesse.org\/","name":"Congr\u00e9gation des Filles de la Sagesse","description":"Un site utilisant WordPress","potentialAction":[{"@type":"SearchAction","target":{"@type":"EntryPoint","urlTemplate":"https:\/\/www.fdlsagesse.org\/?s={search_term_string}"},"query-input":{"@type":"PropertyValueSpecification","valueRequired":true,"valueName":"search_term_string"}}],"inLanguage":"en-US"},{"@type":"Person","@id":"https:\/\/www.fdlsagesse.org\/#\/schema\/person\/ed7ea8c339ba134be37a5acd7184a708","name":"admFdls87","image":{"@type":"ImageObject","inLanguage":"en-US","@id":"https:\/\/www.fdlsagesse.org\/#\/schema\/person\/image\/","url":"https:\/\/secure.gravatar.com\/avatar\/17489c4ca9000c6cf4c89bbcb5656ad02731db80fc13a3aa53cff36515f50dd8?s=96&d=mm&r=g","contentUrl":"https:\/\/secure.gravatar.com\/avatar\/17489c4ca9000c6cf4c89bbcb5656ad02731db80fc13a3aa53cff36515f50dd8?s=96&d=mm&r=g","caption":"admFdls87"},"url":"https:\/\/www.fdlsagesse.org\/en\/author\/admfdls87\/"}]}},"_links":{"self":[{"href":"https:\/\/www.fdlsagesse.org\/en\/wp-json\/wp\/v2\/posts\/2830","targetHints":{"allow":["GET"]}}],"collection":[{"href":"https:\/\/www.fdlsagesse.org\/en\/wp-json\/wp\/v2\/posts"}],"about":[{"href":"https:\/\/www.fdlsagesse.org\/en\/wp-json\/wp\/v2\/types\/post"}],"author":[{"embeddable":true,"href":"https:\/\/www.fdlsagesse.org\/en\/wp-json\/wp\/v2\/users\/1"}],"replies":[{"embeddable":true,"href":"https:\/\/www.fdlsagesse.org\/en\/wp-json\/wp\/v2\/comments?post=2830"}],"version-history":[{"count":0,"href":"https:\/\/www.fdlsagesse.org\/en\/wp-json\/wp\/v2\/posts\/2830\/revisions"}],"wp:attachment":[{"href":"https:\/\/www.fdlsagesse.org\/en\/wp-json\/wp\/v2\/media?parent=2830"}],"wp:term":[{"taxonomy":"category","embeddable":true,"href":"https:\/\/www.fdlsagesse.org\/en\/wp-json\/wp\/v2\/categories?post=2830"},{"taxonomy":"post_tag","embeddable":true,"href":"https:\/\/www.fdlsagesse.org\/en\/wp-json\/wp\/v2\/tags?post=2830"}],"curies":[{"name":"wp","href":"https:\/\/api.w.org\/{rel}","templated":true}]}}