{"id":2938,"date":"2019-09-11T14:20:30","date_gmt":"2019-09-11T12:20:30","guid":{"rendered":"https:\/\/www.fdlsagesse.org\/soyez-dans-la-joie-et-lallegresse\/"},"modified":"2019-10-01T16:33:51","modified_gmt":"2019-10-01T14:33:51","slug":"soyez-dans-la-joie-et-lallegresse","status":"publish","type":"post","link":"https:\/\/www.fdlsagesse.org\/en\/soyez-dans-la-joie-et-lallegresse\/","title":{"rendered":"Rejoice and Be Glad !"},"content":{"rendered":"<p>Louise Madore DW<br \/>\nThis appeal of Pope Francis in his exhortation to live our call to holiness is the theme of a retreat offered to hard of hearing persons. Each year, in various places throughout France, the \u201cRelaisourds Association\u201d offers, to the hard of hearing, a spiritual retreat.<\/p>\n<p>This year, the retreat was done at the Wisdom Spiritual Center at St-Laurent sur-S\u00e8vre in Vend\u00e9e. They were 16 from the four corners of France to live a time of silence and of listening to the Lord. The facilitator was Father J\u00e9r\u00f4me de la Rouli\u00e8re of the Poitiers Diocese and the interpretation LSF was done by Ms. Corinne Farr\u00e9.<\/p>\n<p>What struck me when I met them during their stay, was their joie de vivre, the fraternity that unites them, their life of prayer open to all the realities of our world most especially expressed during the universal prayers, and their concern for the young hard of hearing who are not yet evangelized and who know little about Jesus.<\/p>\n<p>Two of the retreatants were entirely blind. One person accompanying them was translating everything in LSF with the hands, unique mode of communication. What a testimony of patience for the personal interpreter but also what desire and will from these women, who in spite of their various personal handicap, did not hesitate to take the train and to adapt to a totally foreign environment in order to live this special time with the Lord.<\/p>\n<p><img loading=\"lazy\" decoding=\"async\" class=\"aligncenter wp-image-2928 size-large\" src=\"https:\/\/www.fdlsagesse.org\/wp-content\/uploads\/2019\/09\/005-retraite-sourd-2019-1000x563.jpg\" alt=\"Congr\u00e9gation des Filles de la Sagesse\" width=\"1000\" height=\"563\" srcset=\"https:\/\/www.fdlsagesse.org\/wp-content\/uploads\/2019\/09\/005-retraite-sourd-2019-1000x563.jpg 1000w, https:\/\/www.fdlsagesse.org\/wp-content\/uploads\/2019\/09\/005-retraite-sourd-2019-300x169.jpg 300w, https:\/\/www.fdlsagesse.org\/wp-content\/uploads\/2019\/09\/005-retraite-sourd-2019-768x432.jpg 768w, https:\/\/www.fdlsagesse.org\/wp-content\/uploads\/2019\/09\/005-retraite-sourd-2019-700x394.jpg 700w, https:\/\/www.fdlsagesse.org\/wp-content\/uploads\/2019\/09\/005-retraite-sourd-2019-500x281.jpg 500w, https:\/\/www.fdlsagesse.org\/wp-content\/uploads\/2019\/09\/005-retraite-sourd-2019-272x153.jpg 272w, https:\/\/www.fdlsagesse.org\/wp-content\/uploads\/2019\/09\/005-retraite-sourd-2019.jpg 1200w\" sizes=\"auto, (max-width: 1000px) 100vw, 1000px\" \/><\/p>\n<p>The Daughters of Wisdom were happy to welcome them to their Spiritual Center since they have a long tradition of working with our deaf brothers and sisters in the Congregation in France and also in Haiti and in Colombia.<\/p>\n<p>There are many people who are hard of hearing but they often do not find in our Churches and Dioceses, people who can help them live their faith and be nourished with the Word of God.<\/p>\n<p><img loading=\"lazy\" decoding=\"async\" class=\"aligncenter wp-image-2930 size-large\" src=\"https:\/\/www.fdlsagesse.org\/wp-content\/uploads\/2019\/09\/010-retraite-sourd-2019-1000x358.jpg\" alt=\"Congr\u00e9gation les Filles de la Sagesse\" width=\"1000\" height=\"358\" srcset=\"https:\/\/www.fdlsagesse.org\/wp-content\/uploads\/2019\/09\/010-retraite-sourd-2019-1000x358.jpg 1000w, https:\/\/www.fdlsagesse.org\/wp-content\/uploads\/2019\/09\/010-retraite-sourd-2019-300x107.jpg 300w, https:\/\/www.fdlsagesse.org\/wp-content\/uploads\/2019\/09\/010-retraite-sourd-2019-768x275.jpg 768w, https:\/\/www.fdlsagesse.org\/wp-content\/uploads\/2019\/09\/010-retraite-sourd-2019-700x250.jpg 700w, https:\/\/www.fdlsagesse.org\/wp-content\/uploads\/2019\/09\/010-retraite-sourd-2019-500x179.jpg 500w, https:\/\/www.fdlsagesse.org\/wp-content\/uploads\/2019\/09\/010-retraite-sourd-2019-272x97.jpg 272w, https:\/\/www.fdlsagesse.org\/wp-content\/uploads\/2019\/09\/010-retraite-sourd-2019.jpg 1200w\" sizes=\"auto, (max-width: 1000px) 100vw, 1000px\" \/><br \/>\nMs. Corrine Farr\u00e9, interpreter for the language of the deaf in France (LSF) offers through Youtube, the possibility to listen to the texts of the Word of God for Sunday ant other important Feasts. To access it, you go on internet and enter the following address: You Tube Mass LSF. \u00a0 and on the site: <a href=\"https:\/\/www.paris.catholique.fr\/chaque-dimanche-les-textes-de-la.html\" target=\"_blank\" rel=\"noopener noreferrer\">Chaque dimanche les textes de la messe en LSF<\/a><\/p>\n<p>In France, there is an association for the deaf: Relaisourds. It is animated in LSF by the deafs. This association organizes week-ends of formation, sharing, prayers, retreats and pilgrimages in France and in Europe. To contact the Association, get in touch with Michelle Bonnot: <a href=\"mailto:michellebonnot1@orange.fr\" target=\"_blank\" rel=\"noopener noreferrer\">michellebonnot1@orange.fr<\/a> ou SMS 06 47 64 81 69<\/p>\n<p style=\"text-align: center;\"><iframe loading=\"lazy\" src=\"https:\/\/www.youtube.com\/embed\/y2RswQhqnGM\" width=\"560\" height=\"315\" frameborder=\"0\" allowfullscreen=\"allowfullscreen\"><\/iframe><\/p>\n","protected":false},"excerpt":{"rendered":"<p>Louise Madore DW This appeal of Pope Francis in his exhortation to live our call to holiness is the theme of a retreat offered to hard of hearing persons. Each year, in various places throughout France, the \u201cRelaisourds Association\u201d offers, to the hard of hearing, a spiritual retreat. This year, the retreat was done at [&hellip;]<\/p>\n","protected":false},"author":1,"featured_media":0,"comment_status":"open","ping_status":"open","sticky":false,"template":"","format":"standard","meta":{"_acf_changed":false,"_exactmetrics_skip_tracking":false,"_exactmetrics_sitenote_active":false,"_exactmetrics_sitenote_note":"","_exactmetrics_sitenote_category":0,"footnotes":""},"categories":[27],"tags":[29],"class_list":["post-2938","post","type-post","status-publish","format-standard","hentry","category-news","tag-soeur-oblates-de-la-sagesse-en"],"acf":[],"yoast_head":"<!-- This site is optimized with the Yoast SEO plugin v26.5 - https:\/\/yoast.com\/wordpress\/plugins\/seo\/ -->\n<title>Rejoice and Be Glad ! - Congr\u00e9gation des Filles de la Sagesse<\/title>\n<meta name=\"robots\" content=\"index, follow, max-snippet:-1, max-image-preview:large, max-video-preview:-1\" \/>\n<link rel=\"canonical\" href=\"https:\/\/www.fdlsagesse.org\/en\/soyez-dans-la-joie-et-lallegresse\/\" \/>\n<meta property=\"og:locale\" content=\"en_US\" \/>\n<meta property=\"og:type\" content=\"article\" \/>\n<meta property=\"og:title\" content=\"Rejoice and Be Glad ! - Congr\u00e9gation des Filles de la Sagesse\" \/>\n<meta property=\"og:description\" content=\"Louise Madore DW This appeal of Pope Francis in his exhortation to live our call to holiness is the theme of a retreat offered to hard of hearing persons. Each year, in various places throughout France, the \u201cRelaisourds Association\u201d offers, to the hard of hearing, a spiritual retreat. This year, the retreat was done at [&hellip;]\" \/>\n<meta property=\"og:url\" content=\"https:\/\/www.fdlsagesse.org\/en\/soyez-dans-la-joie-et-lallegresse\/\" \/>\n<meta property=\"og:site_name\" content=\"Congr\u00e9gation des Filles de la Sagesse\" \/>\n<meta property=\"article:published_time\" content=\"2019-09-11T12:20:30+00:00\" \/>\n<meta property=\"article:modified_time\" content=\"2019-10-01T14:33:51+00:00\" \/>\n<meta property=\"og:image\" content=\"https:\/\/www.fdlsagesse.org\/wp-content\/uploads\/2019\/09\/005-retraite-sourd-2019-1000x563.jpg\" \/>\n<meta name=\"author\" content=\"admFdls87\" \/>\n<meta name=\"twitter:card\" content=\"summary_large_image\" \/>\n<meta name=\"twitter:label1\" content=\"Written by\" \/>\n\t<meta name=\"twitter:data1\" content=\"admFdls87\" \/>\n\t<meta name=\"twitter:label2\" content=\"Est. reading time\" \/>\n\t<meta name=\"twitter:data2\" content=\"2 minutes\" \/>\n<script type=\"application\/ld+json\" class=\"yoast-schema-graph\">{\"@context\":\"https:\/\/schema.org\",\"@graph\":[{\"@type\":\"WebPage\",\"@id\":\"https:\/\/www.fdlsagesse.org\/en\/soyez-dans-la-joie-et-lallegresse\/\",\"url\":\"https:\/\/www.fdlsagesse.org\/en\/soyez-dans-la-joie-et-lallegresse\/\",\"name\":\"Rejoice and Be Glad ! - Congr\u00e9gation des Filles de la Sagesse\",\"isPartOf\":{\"@id\":\"https:\/\/www.fdlsagesse.org\/#website\"},\"primaryImageOfPage\":{\"@id\":\"https:\/\/www.fdlsagesse.org\/en\/soyez-dans-la-joie-et-lallegresse\/#primaryimage\"},\"image\":{\"@id\":\"https:\/\/www.fdlsagesse.org\/en\/soyez-dans-la-joie-et-lallegresse\/#primaryimage\"},\"thumbnailUrl\":\"https:\/\/www.fdlsagesse.org\/wp-content\/uploads\/2019\/09\/005-retraite-sourd-2019-1000x563.jpg\",\"datePublished\":\"2019-09-11T12:20:30+00:00\",\"dateModified\":\"2019-10-01T14:33:51+00:00\",\"author\":{\"@id\":\"https:\/\/www.fdlsagesse.org\/#\/schema\/person\/ed7ea8c339ba134be37a5acd7184a708\"},\"breadcrumb\":{\"@id\":\"https:\/\/www.fdlsagesse.org\/en\/soyez-dans-la-joie-et-lallegresse\/#breadcrumb\"},\"inLanguage\":\"en-US\",\"potentialAction\":[{\"@type\":\"ReadAction\",\"target\":[\"https:\/\/www.fdlsagesse.org\/en\/soyez-dans-la-joie-et-lallegresse\/\"]}]},{\"@type\":\"ImageObject\",\"inLanguage\":\"en-US\",\"@id\":\"https:\/\/www.fdlsagesse.org\/en\/soyez-dans-la-joie-et-lallegresse\/#primaryimage\",\"url\":\"https:\/\/www.fdlsagesse.org\/wp-content\/uploads\/2019\/09\/005-retraite-sourd-2019-1000x563.jpg\",\"contentUrl\":\"https:\/\/www.fdlsagesse.org\/wp-content\/uploads\/2019\/09\/005-retraite-sourd-2019-1000x563.jpg\"},{\"@type\":\"BreadcrumbList\",\"@id\":\"https:\/\/www.fdlsagesse.org\/en\/soyez-dans-la-joie-et-lallegresse\/#breadcrumb\",\"itemListElement\":[{\"@type\":\"ListItem\",\"position\":1,\"name\":\"Accueil\",\"item\":\"https:\/\/www.fdlsagesse.org\/en\/\"},{\"@type\":\"ListItem\",\"position\":2,\"name\":\"Rejoice and Be Glad !\"}]},{\"@type\":\"WebSite\",\"@id\":\"https:\/\/www.fdlsagesse.org\/#website\",\"url\":\"https:\/\/www.fdlsagesse.org\/\",\"name\":\"Congr\u00e9gation des Filles de la Sagesse\",\"description\":\"Un site utilisant WordPress\",\"potentialAction\":[{\"@type\":\"SearchAction\",\"target\":{\"@type\":\"EntryPoint\",\"urlTemplate\":\"https:\/\/www.fdlsagesse.org\/?s={search_term_string}\"},\"query-input\":{\"@type\":\"PropertyValueSpecification\",\"valueRequired\":true,\"valueName\":\"search_term_string\"}}],\"inLanguage\":\"en-US\"},{\"@type\":\"Person\",\"@id\":\"https:\/\/www.fdlsagesse.org\/#\/schema\/person\/ed7ea8c339ba134be37a5acd7184a708\",\"name\":\"admFdls87\",\"image\":{\"@type\":\"ImageObject\",\"inLanguage\":\"en-US\",\"@id\":\"https:\/\/www.fdlsagesse.org\/#\/schema\/person\/image\/\",\"url\":\"https:\/\/secure.gravatar.com\/avatar\/17489c4ca9000c6cf4c89bbcb5656ad02731db80fc13a3aa53cff36515f50dd8?s=96&d=mm&r=g\",\"contentUrl\":\"https:\/\/secure.gravatar.com\/avatar\/17489c4ca9000c6cf4c89bbcb5656ad02731db80fc13a3aa53cff36515f50dd8?s=96&d=mm&r=g\",\"caption\":\"admFdls87\"},\"url\":\"https:\/\/www.fdlsagesse.org\/en\/author\/admfdls87\/\"}]}<\/script>\n<!-- \/ Yoast SEO plugin. -->","yoast_head_json":{"title":"Rejoice and Be Glad ! - Congr\u00e9gation des Filles de la Sagesse","robots":{"index":"index","follow":"follow","max-snippet":"max-snippet:-1","max-image-preview":"max-image-preview:large","max-video-preview":"max-video-preview:-1"},"canonical":"https:\/\/www.fdlsagesse.org\/en\/soyez-dans-la-joie-et-lallegresse\/","og_locale":"en_US","og_type":"article","og_title":"Rejoice and Be Glad ! - Congr\u00e9gation des Filles de la Sagesse","og_description":"Louise Madore DW This appeal of Pope Francis in his exhortation to live our call to holiness is the theme of a retreat offered to hard of hearing persons. Each year, in various places throughout France, the \u201cRelaisourds Association\u201d offers, to the hard of hearing, a spiritual retreat. This year, the retreat was done at [&hellip;]","og_url":"https:\/\/www.fdlsagesse.org\/en\/soyez-dans-la-joie-et-lallegresse\/","og_site_name":"Congr\u00e9gation des Filles de la Sagesse","article_published_time":"2019-09-11T12:20:30+00:00","article_modified_time":"2019-10-01T14:33:51+00:00","og_image":[{"url":"https:\/\/www.fdlsagesse.org\/wp-content\/uploads\/2019\/09\/005-retraite-sourd-2019-1000x563.jpg","type":"","width":"","height":""}],"author":"admFdls87","twitter_card":"summary_large_image","twitter_misc":{"Written by":"admFdls87","Est. reading time":"2 minutes"},"schema":{"@context":"https:\/\/schema.org","@graph":[{"@type":"WebPage","@id":"https:\/\/www.fdlsagesse.org\/en\/soyez-dans-la-joie-et-lallegresse\/","url":"https:\/\/www.fdlsagesse.org\/en\/soyez-dans-la-joie-et-lallegresse\/","name":"Rejoice and Be Glad ! - Congr\u00e9gation des Filles de la Sagesse","isPartOf":{"@id":"https:\/\/www.fdlsagesse.org\/#website"},"primaryImageOfPage":{"@id":"https:\/\/www.fdlsagesse.org\/en\/soyez-dans-la-joie-et-lallegresse\/#primaryimage"},"image":{"@id":"https:\/\/www.fdlsagesse.org\/en\/soyez-dans-la-joie-et-lallegresse\/#primaryimage"},"thumbnailUrl":"https:\/\/www.fdlsagesse.org\/wp-content\/uploads\/2019\/09\/005-retraite-sourd-2019-1000x563.jpg","datePublished":"2019-09-11T12:20:30+00:00","dateModified":"2019-10-01T14:33:51+00:00","author":{"@id":"https:\/\/www.fdlsagesse.org\/#\/schema\/person\/ed7ea8c339ba134be37a5acd7184a708"},"breadcrumb":{"@id":"https:\/\/www.fdlsagesse.org\/en\/soyez-dans-la-joie-et-lallegresse\/#breadcrumb"},"inLanguage":"en-US","potentialAction":[{"@type":"ReadAction","target":["https:\/\/www.fdlsagesse.org\/en\/soyez-dans-la-joie-et-lallegresse\/"]}]},{"@type":"ImageObject","inLanguage":"en-US","@id":"https:\/\/www.fdlsagesse.org\/en\/soyez-dans-la-joie-et-lallegresse\/#primaryimage","url":"https:\/\/www.fdlsagesse.org\/wp-content\/uploads\/2019\/09\/005-retraite-sourd-2019-1000x563.jpg","contentUrl":"https:\/\/www.fdlsagesse.org\/wp-content\/uploads\/2019\/09\/005-retraite-sourd-2019-1000x563.jpg"},{"@type":"BreadcrumbList","@id":"https:\/\/www.fdlsagesse.org\/en\/soyez-dans-la-joie-et-lallegresse\/#breadcrumb","itemListElement":[{"@type":"ListItem","position":1,"name":"Accueil","item":"https:\/\/www.fdlsagesse.org\/en\/"},{"@type":"ListItem","position":2,"name":"Rejoice and Be Glad !"}]},{"@type":"WebSite","@id":"https:\/\/www.fdlsagesse.org\/#website","url":"https:\/\/www.fdlsagesse.org\/","name":"Congr\u00e9gation des Filles de la Sagesse","description":"Un site utilisant WordPress","potentialAction":[{"@type":"SearchAction","target":{"@type":"EntryPoint","urlTemplate":"https:\/\/www.fdlsagesse.org\/?s={search_term_string}"},"query-input":{"@type":"PropertyValueSpecification","valueRequired":true,"valueName":"search_term_string"}}],"inLanguage":"en-US"},{"@type":"Person","@id":"https:\/\/www.fdlsagesse.org\/#\/schema\/person\/ed7ea8c339ba134be37a5acd7184a708","name":"admFdls87","image":{"@type":"ImageObject","inLanguage":"en-US","@id":"https:\/\/www.fdlsagesse.org\/#\/schema\/person\/image\/","url":"https:\/\/secure.gravatar.com\/avatar\/17489c4ca9000c6cf4c89bbcb5656ad02731db80fc13a3aa53cff36515f50dd8?s=96&d=mm&r=g","contentUrl":"https:\/\/secure.gravatar.com\/avatar\/17489c4ca9000c6cf4c89bbcb5656ad02731db80fc13a3aa53cff36515f50dd8?s=96&d=mm&r=g","caption":"admFdls87"},"url":"https:\/\/www.fdlsagesse.org\/en\/author\/admfdls87\/"}]}},"_links":{"self":[{"href":"https:\/\/www.fdlsagesse.org\/en\/wp-json\/wp\/v2\/posts\/2938","targetHints":{"allow":["GET"]}}],"collection":[{"href":"https:\/\/www.fdlsagesse.org\/en\/wp-json\/wp\/v2\/posts"}],"about":[{"href":"https:\/\/www.fdlsagesse.org\/en\/wp-json\/wp\/v2\/types\/post"}],"author":[{"embeddable":true,"href":"https:\/\/www.fdlsagesse.org\/en\/wp-json\/wp\/v2\/users\/1"}],"replies":[{"embeddable":true,"href":"https:\/\/www.fdlsagesse.org\/en\/wp-json\/wp\/v2\/comments?post=2938"}],"version-history":[{"count":0,"href":"https:\/\/www.fdlsagesse.org\/en\/wp-json\/wp\/v2\/posts\/2938\/revisions"}],"wp:attachment":[{"href":"https:\/\/www.fdlsagesse.org\/en\/wp-json\/wp\/v2\/media?parent=2938"}],"wp:term":[{"taxonomy":"category","embeddable":true,"href":"https:\/\/www.fdlsagesse.org\/en\/wp-json\/wp\/v2\/categories?post=2938"},{"taxonomy":"post_tag","embeddable":true,"href":"https:\/\/www.fdlsagesse.org\/en\/wp-json\/wp\/v2\/tags?post=2938"}],"curies":[{"name":"wp","href":"https:\/\/api.w.org\/{rel}","templated":true}]}}