{"id":9868,"date":"2025-04-25T21:59:20","date_gmt":"2025-04-25T19:59:20","guid":{"rendered":"https:\/\/www.fdlsagesse.org\/?p=9868"},"modified":"2025-04-25T22:06:13","modified_gmt":"2025-04-25T20:06:13","slug":"hommage-des-filles-de-la-sagesse-au-pape-francois","status":"publish","type":"post","link":"https:\/\/www.fdlsagesse.org\/en\/hommage-des-filles-de-la-sagesse-au-pape-francois\/","title":{"rendered":"TRIBUTE TO POPE FRANCIS BY THE DAUGHTERS OF WISDOM"},"content":{"rendered":"\n<p>La Congr\u00e9gation des Filles de la Sagesse est unie par la pri\u00e8re \u00e0 l\u2019\u00c9glise universelle en ce moment de tristesse par suite du retour vers la Maison du P\u00e8re de notre cher Pape Fran\u00e7ois.<\/p>\n\n\n\n<p>Merci, Pape Fran\u00e7ois, pour votre t\u00e9moignage de vie marqu\u00e9e par la pri\u00e8re, la simplicit\u00e9, la compassion et l&#8217;audace.&nbsp; Merci d\u2019avoir toujours \u00e9t\u00e9 le d\u00e9fenseur des pauvres, des marginalis\u00e9s et des oubli\u00e9s de nos soci\u00e9t\u00e9s.<\/p>\n\n\n\n<p>Votre pr\u00e9sence joyeuse et aimante restera grav\u00e9e dans notre m\u00e9moire.<\/p>\n\n\n\n<p style=\"margin: 0cm;\">Sr Rani Kurian, Fille de la Sagesse<\/p>\n<p style=\"margin: 0cm;\">Sup\u00e9rieure g\u00e9n\u00e9rale<\/p>\n<p>\u00a0<\/p>\n","protected":false},"excerpt":{"rendered":"<p>La Congr\u00e9gation des Filles de la Sagesse est unie par la pri\u00e8re \u00e0 l\u2019\u00c9glise universelle en ce moment de tristesse par suite du retour vers la Maison du P\u00e8re de notre cher Pape Fran\u00e7ois. Merci, Pape Fran\u00e7ois, pour votre t\u00e9moignage de vie marqu\u00e9e par la pri\u00e8re, la simplicit\u00e9, la compassion et l&#8217;audace.&nbsp; Merci d\u2019avoir toujours [&hellip;]<\/p>\n","protected":false},"author":1,"featured_media":0,"comment_status":"open","ping_status":"open","sticky":false,"template":"","format":"standard","meta":{"_acf_changed":false,"_exactmetrics_skip_tracking":false,"_exactmetrics_sitenote_active":false,"_exactmetrics_sitenote_note":"","_exactmetrics_sitenote_category":0,"footnotes":""},"categories":[27],"tags":[],"class_list":["post-9868","post","type-post","status-publish","format-standard","hentry","category-news"],"acf":[],"yoast_head":"<!-- This site is optimized with the Yoast SEO plugin v26.5 - https:\/\/yoast.com\/wordpress\/plugins\/seo\/ -->\n<title>TRIBUTE TO POPE FRANCIS BY THE DAUGHTERS OF WISDOM - Congr\u00e9gation des Filles de la Sagesse<\/title>\n<meta name=\"robots\" content=\"index, follow, max-snippet:-1, max-image-preview:large, max-video-preview:-1\" \/>\n<link rel=\"canonical\" href=\"https:\/\/www.fdlsagesse.org\/en\/hommage-des-filles-de-la-sagesse-au-pape-francois\/\" \/>\n<meta property=\"og:locale\" content=\"en_US\" \/>\n<meta property=\"og:type\" content=\"article\" \/>\n<meta property=\"og:title\" content=\"TRIBUTE TO POPE FRANCIS BY THE DAUGHTERS OF WISDOM - Congr\u00e9gation des Filles de la Sagesse\" \/>\n<meta property=\"og:description\" content=\"La Congr\u00e9gation des Filles de la Sagesse est unie par la pri\u00e8re \u00e0 l\u2019\u00c9glise universelle en ce moment de tristesse par suite du retour vers la Maison du P\u00e8re de notre cher Pape Fran\u00e7ois. Merci, Pape Fran\u00e7ois, pour votre t\u00e9moignage de vie marqu\u00e9e par la pri\u00e8re, la simplicit\u00e9, la compassion et l&#8217;audace.&nbsp; Merci d\u2019avoir toujours [&hellip;]\" \/>\n<meta property=\"og:url\" content=\"https:\/\/www.fdlsagesse.org\/en\/hommage-des-filles-de-la-sagesse-au-pape-francois\/\" \/>\n<meta property=\"og:site_name\" content=\"Congr\u00e9gation des Filles de la Sagesse\" \/>\n<meta property=\"article:published_time\" content=\"2025-04-25T19:59:20+00:00\" \/>\n<meta property=\"article:modified_time\" content=\"2025-04-25T20:06:13+00:00\" \/>\n<meta name=\"author\" content=\"admFdls87\" \/>\n<meta name=\"twitter:card\" content=\"summary_large_image\" \/>\n<meta name=\"twitter:label1\" content=\"Written by\" \/>\n\t<meta name=\"twitter:data1\" content=\"admFdls87\" \/>\n\t<meta name=\"twitter:label2\" content=\"Est. reading time\" \/>\n\t<meta name=\"twitter:data2\" content=\"1 minute\" \/>\n<script type=\"application\/ld+json\" class=\"yoast-schema-graph\">{\"@context\":\"https:\/\/schema.org\",\"@graph\":[{\"@type\":\"WebPage\",\"@id\":\"https:\/\/www.fdlsagesse.org\/en\/hommage-des-filles-de-la-sagesse-au-pape-francois\/\",\"url\":\"https:\/\/www.fdlsagesse.org\/en\/hommage-des-filles-de-la-sagesse-au-pape-francois\/\",\"name\":\"TRIBUTE TO POPE FRANCIS BY THE DAUGHTERS OF WISDOM - Congr\u00e9gation des Filles de la Sagesse\",\"isPartOf\":{\"@id\":\"https:\/\/www.fdlsagesse.org\/#website\"},\"datePublished\":\"2025-04-25T19:59:20+00:00\",\"dateModified\":\"2025-04-25T20:06:13+00:00\",\"author\":{\"@id\":\"https:\/\/www.fdlsagesse.org\/#\/schema\/person\/ed7ea8c339ba134be37a5acd7184a708\"},\"breadcrumb\":{\"@id\":\"https:\/\/www.fdlsagesse.org\/en\/hommage-des-filles-de-la-sagesse-au-pape-francois\/#breadcrumb\"},\"inLanguage\":\"en-US\",\"potentialAction\":[{\"@type\":\"ReadAction\",\"target\":[\"https:\/\/www.fdlsagesse.org\/en\/hommage-des-filles-de-la-sagesse-au-pape-francois\/\"]}]},{\"@type\":\"BreadcrumbList\",\"@id\":\"https:\/\/www.fdlsagesse.org\/en\/hommage-des-filles-de-la-sagesse-au-pape-francois\/#breadcrumb\",\"itemListElement\":[{\"@type\":\"ListItem\",\"position\":1,\"name\":\"Accueil\",\"item\":\"https:\/\/www.fdlsagesse.org\/en\/\"},{\"@type\":\"ListItem\",\"position\":2,\"name\":\"TRIBUTE TO POPE FRANCIS BY THE DAUGHTERS OF WISDOM\"}]},{\"@type\":\"WebSite\",\"@id\":\"https:\/\/www.fdlsagesse.org\/#website\",\"url\":\"https:\/\/www.fdlsagesse.org\/\",\"name\":\"Congr\u00e9gation des Filles de la Sagesse\",\"description\":\"Un site utilisant WordPress\",\"potentialAction\":[{\"@type\":\"SearchAction\",\"target\":{\"@type\":\"EntryPoint\",\"urlTemplate\":\"https:\/\/www.fdlsagesse.org\/?s={search_term_string}\"},\"query-input\":{\"@type\":\"PropertyValueSpecification\",\"valueRequired\":true,\"valueName\":\"search_term_string\"}}],\"inLanguage\":\"en-US\"},{\"@type\":\"Person\",\"@id\":\"https:\/\/www.fdlsagesse.org\/#\/schema\/person\/ed7ea8c339ba134be37a5acd7184a708\",\"name\":\"admFdls87\",\"image\":{\"@type\":\"ImageObject\",\"inLanguage\":\"en-US\",\"@id\":\"https:\/\/www.fdlsagesse.org\/#\/schema\/person\/image\/\",\"url\":\"https:\/\/secure.gravatar.com\/avatar\/17489c4ca9000c6cf4c89bbcb5656ad02731db80fc13a3aa53cff36515f50dd8?s=96&d=mm&r=g\",\"contentUrl\":\"https:\/\/secure.gravatar.com\/avatar\/17489c4ca9000c6cf4c89bbcb5656ad02731db80fc13a3aa53cff36515f50dd8?s=96&d=mm&r=g\",\"caption\":\"admFdls87\"},\"url\":\"https:\/\/www.fdlsagesse.org\/en\/author\/admfdls87\/\"}]}<\/script>\n<!-- \/ Yoast SEO plugin. -->","yoast_head_json":{"title":"TRIBUTE TO POPE FRANCIS BY THE DAUGHTERS OF WISDOM - Congr\u00e9gation des Filles de la Sagesse","robots":{"index":"index","follow":"follow","max-snippet":"max-snippet:-1","max-image-preview":"max-image-preview:large","max-video-preview":"max-video-preview:-1"},"canonical":"https:\/\/www.fdlsagesse.org\/en\/hommage-des-filles-de-la-sagesse-au-pape-francois\/","og_locale":"en_US","og_type":"article","og_title":"TRIBUTE TO POPE FRANCIS BY THE DAUGHTERS OF WISDOM - Congr\u00e9gation des Filles de la Sagesse","og_description":"La Congr\u00e9gation des Filles de la Sagesse est unie par la pri\u00e8re \u00e0 l\u2019\u00c9glise universelle en ce moment de tristesse par suite du retour vers la Maison du P\u00e8re de notre cher Pape Fran\u00e7ois. Merci, Pape Fran\u00e7ois, pour votre t\u00e9moignage de vie marqu\u00e9e par la pri\u00e8re, la simplicit\u00e9, la compassion et l&#8217;audace.&nbsp; Merci d\u2019avoir toujours [&hellip;]","og_url":"https:\/\/www.fdlsagesse.org\/en\/hommage-des-filles-de-la-sagesse-au-pape-francois\/","og_site_name":"Congr\u00e9gation des Filles de la Sagesse","article_published_time":"2025-04-25T19:59:20+00:00","article_modified_time":"2025-04-25T20:06:13+00:00","author":"admFdls87","twitter_card":"summary_large_image","twitter_misc":{"Written by":"admFdls87","Est. reading time":"1 minute"},"schema":{"@context":"https:\/\/schema.org","@graph":[{"@type":"WebPage","@id":"https:\/\/www.fdlsagesse.org\/en\/hommage-des-filles-de-la-sagesse-au-pape-francois\/","url":"https:\/\/www.fdlsagesse.org\/en\/hommage-des-filles-de-la-sagesse-au-pape-francois\/","name":"TRIBUTE TO POPE FRANCIS BY THE DAUGHTERS OF WISDOM - Congr\u00e9gation des Filles de la Sagesse","isPartOf":{"@id":"https:\/\/www.fdlsagesse.org\/#website"},"datePublished":"2025-04-25T19:59:20+00:00","dateModified":"2025-04-25T20:06:13+00:00","author":{"@id":"https:\/\/www.fdlsagesse.org\/#\/schema\/person\/ed7ea8c339ba134be37a5acd7184a708"},"breadcrumb":{"@id":"https:\/\/www.fdlsagesse.org\/en\/hommage-des-filles-de-la-sagesse-au-pape-francois\/#breadcrumb"},"inLanguage":"en-US","potentialAction":[{"@type":"ReadAction","target":["https:\/\/www.fdlsagesse.org\/en\/hommage-des-filles-de-la-sagesse-au-pape-francois\/"]}]},{"@type":"BreadcrumbList","@id":"https:\/\/www.fdlsagesse.org\/en\/hommage-des-filles-de-la-sagesse-au-pape-francois\/#breadcrumb","itemListElement":[{"@type":"ListItem","position":1,"name":"Accueil","item":"https:\/\/www.fdlsagesse.org\/en\/"},{"@type":"ListItem","position":2,"name":"TRIBUTE TO POPE FRANCIS BY THE DAUGHTERS OF WISDOM"}]},{"@type":"WebSite","@id":"https:\/\/www.fdlsagesse.org\/#website","url":"https:\/\/www.fdlsagesse.org\/","name":"Congr\u00e9gation des Filles de la Sagesse","description":"Un site utilisant WordPress","potentialAction":[{"@type":"SearchAction","target":{"@type":"EntryPoint","urlTemplate":"https:\/\/www.fdlsagesse.org\/?s={search_term_string}"},"query-input":{"@type":"PropertyValueSpecification","valueRequired":true,"valueName":"search_term_string"}}],"inLanguage":"en-US"},{"@type":"Person","@id":"https:\/\/www.fdlsagesse.org\/#\/schema\/person\/ed7ea8c339ba134be37a5acd7184a708","name":"admFdls87","image":{"@type":"ImageObject","inLanguage":"en-US","@id":"https:\/\/www.fdlsagesse.org\/#\/schema\/person\/image\/","url":"https:\/\/secure.gravatar.com\/avatar\/17489c4ca9000c6cf4c89bbcb5656ad02731db80fc13a3aa53cff36515f50dd8?s=96&d=mm&r=g","contentUrl":"https:\/\/secure.gravatar.com\/avatar\/17489c4ca9000c6cf4c89bbcb5656ad02731db80fc13a3aa53cff36515f50dd8?s=96&d=mm&r=g","caption":"admFdls87"},"url":"https:\/\/www.fdlsagesse.org\/en\/author\/admfdls87\/"}]}},"_links":{"self":[{"href":"https:\/\/www.fdlsagesse.org\/en\/wp-json\/wp\/v2\/posts\/9868","targetHints":{"allow":["GET"]}}],"collection":[{"href":"https:\/\/www.fdlsagesse.org\/en\/wp-json\/wp\/v2\/posts"}],"about":[{"href":"https:\/\/www.fdlsagesse.org\/en\/wp-json\/wp\/v2\/types\/post"}],"author":[{"embeddable":true,"href":"https:\/\/www.fdlsagesse.org\/en\/wp-json\/wp\/v2\/users\/1"}],"replies":[{"embeddable":true,"href":"https:\/\/www.fdlsagesse.org\/en\/wp-json\/wp\/v2\/comments?post=9868"}],"version-history":[{"count":18,"href":"https:\/\/www.fdlsagesse.org\/en\/wp-json\/wp\/v2\/posts\/9868\/revisions"}],"predecessor-version":[{"id":9893,"href":"https:\/\/www.fdlsagesse.org\/en\/wp-json\/wp\/v2\/posts\/9868\/revisions\/9893"}],"wp:attachment":[{"href":"https:\/\/www.fdlsagesse.org\/en\/wp-json\/wp\/v2\/media?parent=9868"}],"wp:term":[{"taxonomy":"category","embeddable":true,"href":"https:\/\/www.fdlsagesse.org\/en\/wp-json\/wp\/v2\/categories?post=9868"},{"taxonomy":"post_tag","embeddable":true,"href":"https:\/\/www.fdlsagesse.org\/en\/wp-json\/wp\/v2\/tags?post=9868"}],"curies":[{"name":"wp","href":"https:\/\/api.w.org\/{rel}","templated":true}]}}